{"id":7520,"date":"2023-03-30T17:29:16","date_gmt":"2023-03-30T22:29:16","guid":{"rendered":"https:\/\/humanas.org.co\/formacionconhumanas\/?p=7520"},"modified":"2023-05-02T09:11:32","modified_gmt":"2023-05-02T14:11:32","slug":"conversatorio","status":"publish","type":"post","link":"https:\/\/humanas.org.co\/formacionconhumanas\/conversatorio\/","title":{"rendered":"Conversatorio"},"content":{"rendered":"\t\t<div data-elementor-type=\"wp-post\" data-elementor-id=\"7520\" class=\"elementor elementor-7520\" data-elementor-post-type=\"post\">\n\t\t\t\t<div class=\"elementor-element elementor-element-7c2441a e-flex e-con-boxed e-con e-parent\" data-id=\"7c2441a\" data-element_type=\"container\" data-e-type=\"container\">\n\t\t\t\t\t<div class=\"e-con-inner\">\n\t\t\t\t<div class=\"elementor-element elementor-element-d708125 elementor-widget elementor-widget-heading\" data-id=\"d708125\" data-element_type=\"widget\" data-e-type=\"widget\" data-widget_type=\"heading.default\">\n\t\t\t\t<div class=\"elementor-widget-container\">\n\t\t\t\t\t<h2 class=\"elementor-heading-title elementor-size-default\">Conversatorio<\/h2>\t\t\t\t<\/div>\n\t\t\t\t<\/div>\n\t\t\t\t\t<\/div>\n\t\t\t\t<\/div>\n\t\t<div class=\"elementor-element elementor-element-5427202 e-flex e-con-boxed e-con e-parent\" data-id=\"5427202\" data-element_type=\"container\" data-e-type=\"container\">\n\t\t\t\t\t<div class=\"e-con-inner\">\n\t\t\t\t<div class=\"elementor-element elementor-element-fc8e589 elementor-widget elementor-widget-image\" data-id=\"fc8e589\" data-element_type=\"widget\" data-e-type=\"widget\" data-widget_type=\"image.default\">\n\t\t\t\t<div class=\"elementor-widget-container\">\n\t\t\t\t\t\t\t\t\t\t\t\t\t\t\t<img fetchpriority=\"high\" decoding=\"async\" width=\"724\" height=\"1024\" src=\"https:\/\/humanas.org.co\/formacionconhumanas\/wp-content\/uploads\/2023\/03\/Imagen-de-WhatsApp-2023-04-27-a-las-14.48.33-724x1024.jpg\" class=\"attachment-large size-large wp-image-7696\" alt=\"\" srcset=\"https:\/\/humanas.org.co\/formacionconhumanas\/wp-content\/uploads\/2023\/03\/Imagen-de-WhatsApp-2023-04-27-a-las-14.48.33-724x1024.jpg 724w, https:\/\/humanas.org.co\/formacionconhumanas\/wp-content\/uploads\/2023\/03\/Imagen-de-WhatsApp-2023-04-27-a-las-14.48.33-212x300.jpg 212w, https:\/\/humanas.org.co\/formacionconhumanas\/wp-content\/uploads\/2023\/03\/Imagen-de-WhatsApp-2023-04-27-a-las-14.48.33-768x1086.jpg 768w, https:\/\/humanas.org.co\/formacionconhumanas\/wp-content\/uploads\/2023\/03\/Imagen-de-WhatsApp-2023-04-27-a-las-14.48.33.jpg 905w\" sizes=\"(max-width: 724px) 100vw, 724px\" \/>\t\t\t\t\t\t\t\t\t\t\t\t\t\t\t<\/div>\n\t\t\t\t<\/div>\n\t\t\t\t\t<\/div>\n\t\t\t\t<\/div>\n\t\t<div class=\"elementor-element elementor-element-e690585 e-flex e-con-boxed e-con e-parent\" data-id=\"e690585\" data-element_type=\"container\" data-e-type=\"container\">\n\t\t\t\t\t<div class=\"e-con-inner\">\n\t\t<div class=\"elementor-element elementor-element-3e898a1 e-flex e-con-boxed e-con e-child\" data-id=\"3e898a1\" data-element_type=\"container\" data-e-type=\"container\">\n\t\t\t\t\t<div class=\"e-con-inner\">\n\t\t\t\t<div class=\"elementor-element elementor-element-d46e887 elementor-widget elementor-widget-text-editor\" data-id=\"d46e887\" data-element_type=\"widget\" data-e-type=\"widget\" data-widget_type=\"text-editor.default\">\n\t\t\t\t<div class=\"elementor-widget-container\">\n\t\t\t\t\t\t\t\t\t<p><span style=\"font-weight: 400;\">La Corporaci\u00f3n Humanas -Centro Regional de Derechos Humanos y Justicia de G\u00e9nero- adelanta acciones de fortalecimiento a organizaciones de la sociedad civil en el marco del proyecto \u201c<\/span><b>Acompa\u00f1amiento a mujeres v\u00edctimas de VBG y fortalecimiento a organizaciones sociales locales<\/b><span style=\"font-weight: 400;\">\u201d que es parte del Programa Justicia Inclusiva de la USAID.\u00a0<\/span><\/p>\n<p><span style=\"font-weight: 400;\">El fortalecimiento reconoce que las organizaciones en cada territorio tiene experiencias y experticias en la representaci\u00f3n y acompa\u00f1amiento de casos de violencias contra las mujeres y violencias basadas en g\u00e9nero, y nuestra acci\u00f3n potencia esos saberes y pr\u00e1cticas. El Mentoring para organizaciones de la sociedad civil es una estrategia de formaci\u00f3n y fortalecimiento, que cuenta con una herramienta virtual.\u00a0<\/span><\/p>\n<p><span style=\"font-weight: 400;\">La conversaci\u00f3n se realizar\u00e1 en tres momentos. El primero recogiendo las preguntas y comentarios que las organizaciones aliadas tienen en la tem\u00e1tica, y con ello preparando una serie de preguntas y comentarios para iniciar el espacio virtual. El segundo momento, es un di\u00e1logo entre Natalia Gherardi y Adriana Benjumea, evocado por lo recogido de las organizaciones y donde ambas nos aportar\u00e1n sus reflexiones en los retos y visiones del trabajo de las organizaciones que desde sus experiencias pueden compartirnos. El tercer momento, es una segunda ronda de preguntas de las participantes para cerrar.\u00a0<\/span><\/p>\n<p><span style=\"font-weight: 400;\">Natalia Gherardi <\/span><span style=\"font-weight: 400;\">es una abogada feminista y docente argentina, Directora Ejecutiva del Equipo Latinoamericano de Justicia y G\u00e9nero (ELA). Sus principales \u00e1reas de inter\u00e9s son el acceso a la justicia, trabajo y pol\u00edticas de cuidado, violencia de g\u00e9nero y participaci\u00f3n de las mujeres en democracia. Ha realizado trabajos de consultor\u00eda para la CEPAL, ONU Mujeres, OEA y la OIT.<\/span><\/p>\n<p><span style=\"font-weight: 400;\">Adriana Benjumea Rua<\/span><span style=\"font-weight: 400;\"> es Feminista y defensora de derechos humanos. Abogada de la Universidad de Antioquia y con estudios de Maestr\u00eda en Derechos Humanos y Democratizaci\u00f3n de la Universidad Externado de Colombia y Especializaci\u00f3n en Estudios Afroamericanos y Caribe\u00f1os de la CLACSO. Es codirectora de la Corporaci\u00f3n Humanas. Es especialista en enfoque de g\u00e9nero en la justicia y con experiencia en el seguimiento a las pol\u00edticas p\u00fablicas de atenci\u00f3n a la poblaci\u00f3n v\u00edctima de desplazamiento forzado en Colombia, investigadora y litigantes para cr\u00edmenes de violencia sexual dentro y fuera de conflictos armados.<\/span><\/p>\n<p><span style=\"font-weight: 400;\">En el marco de esta conversaci\u00f3n, realizaremos el lanzamiento de la Plataforma Mentoring. En la Plataforma Mentoring, las participantes encontrar\u00e1n 5 cursos virtuales con reflexiones y herramientas psicosociales y jur\u00eddicas para la asesor\u00eda, representaci\u00f3n y acompa\u00f1amiento de casos de violencias contra las mujeres. En 2023 adem\u00e1s, se integrar\u00e1n dos cursos con tem\u00e1ticas novedosas, uno dirigido a la justicia transicional y otro al fortalecimiento administrativo y financiero de las organizaciones.\u00a0<\/span><\/p>\n<p><span style=\"font-weight: 400;\">Para el lanzamiento de esta plataforma con todas las organizaciones aliadas, proponemos reunirnos virtualmente y conversar acerca de los nuevos y viejos retos de las organizaciones de la sociedad civil en materia de prevenci\u00f3n y atenci\u00f3n de las violencias contra las mujeres.\u00a0<\/span><\/p>\n\t\t\t\t\t\t\t\t<\/div>\n\t\t\t\t<\/div>\n\t\t\t\t\t<\/div>\n\t\t\t\t<\/div>\n\t\t\t\t\t<\/div>\n\t\t\t\t<\/div>\n\t\t<div class=\"elementor-element elementor-element-cbfd9b9 e-flex e-con-boxed e-con e-parent\" data-id=\"cbfd9b9\" data-element_type=\"container\" data-e-type=\"container\">\n\t\t\t\t\t<div class=\"e-con-inner\">\n\t\t\t\t<div class=\"elementor-element elementor-element-9baa718 elementor-widget elementor-widget-image\" data-id=\"9baa718\" data-element_type=\"widget\" data-e-type=\"widget\" data-widget_type=\"image.default\">\n\t\t\t\t<div class=\"elementor-widget-container\">\n\t\t\t\t\t\t\t\t\t\t\t\t\t\t\t<img decoding=\"async\" width=\"300\" height=\"119\" src=\"https:\/\/humanas.org.co\/formacionconhumanas\/wp-content\/uploads\/2023\/02\/LOGO-MENTORING-300x119.jpg\" class=\"attachment-medium size-medium wp-image-6952\" alt=\"\" srcset=\"https:\/\/humanas.org.co\/formacionconhumanas\/wp-content\/uploads\/2023\/02\/LOGO-MENTORING-300x119.jpg 300w, https:\/\/humanas.org.co\/formacionconhumanas\/wp-content\/uploads\/2023\/02\/LOGO-MENTORING-768x306.jpg 768w, https:\/\/humanas.org.co\/formacionconhumanas\/wp-content\/uploads\/2023\/02\/LOGO-MENTORING-997x397.jpg 997w, https:\/\/humanas.org.co\/formacionconhumanas\/wp-content\/uploads\/2023\/02\/LOGO-MENTORING-290x115.jpg 290w, https:\/\/humanas.org.co\/formacionconhumanas\/wp-content\/uploads\/2023\/02\/LOGO-MENTORING-266x106.jpg 266w, https:\/\/humanas.org.co\/formacionconhumanas\/wp-content\/uploads\/2023\/02\/LOGO-MENTORING-200x79.jpg 200w, https:\/\/humanas.org.co\/formacionconhumanas\/wp-content\/uploads\/2023\/02\/LOGO-MENTORING.jpg 1000w\" sizes=\"(max-width: 300px) 100vw, 300px\" \/>\t\t\t\t\t\t\t\t\t\t\t\t\t\t\t<\/div>\n\t\t\t\t<\/div>\n\t\t\t\t\t<\/div>\n\t\t\t\t<\/div>\n\t\t<div class=\"elementor-element elementor-element-685e630 e-flex e-con-boxed e-con e-parent\" data-id=\"685e630\" data-element_type=\"container\" data-e-type=\"container\">\n\t\t\t\t\t<div class=\"e-con-inner\">\n\t\t\t\t<div class=\"elementor-element elementor-element-d2c356a elementor-widget elementor-widget-text-editor\" data-id=\"d2c356a\" data-element_type=\"widget\" data-e-type=\"widget\" data-widget_type=\"text-editor.default\">\n\t\t\t\t<div class=\"elementor-widget-container\">\n\t\t\t\t\t\t\t\t\t<p>Comparte esta invitaci\u00f3n:<\/p>\n\t\t\t\t\t\t\t\t<\/div>\n\t\t\t\t<\/div>\n\t\t\t\t<div class=\"elementor-element elementor-element-96e4e37 elementor-share-buttons--shape-rounded elementor-share-buttons--view-icon-text elementor-share-buttons--skin-gradient elementor-grid-0 elementor-share-buttons--color-official elementor-widget elementor-widget-share-buttons\" data-id=\"96e4e37\" data-element_type=\"widget\" data-e-type=\"widget\" data-widget_type=\"share-buttons.default\">\n\t\t\t\t<div class=\"elementor-widget-container\">\n\t\t\t\t\t\t\t<div class=\"elementor-grid\" role=\"list\">\n\t\t\t\t\t\t\t\t<div class=\"elementor-grid-item\" role=\"listitem\">\n\t\t\t\t\t\t<div class=\"elementor-share-btn elementor-share-btn_facebook\" role=\"button\" tabindex=\"0\" aria-label=\"Compartir en facebook\">\n\t\t\t\t\t\t\t\t\t\t\t\t\t\t\t<span class=\"elementor-share-btn__icon\">\n\t\t\t\t\t\t\t\t<svg aria-hidden=\"true\" class=\"e-font-icon-svg e-fab-facebook\" viewBox=\"0 0 512 512\" xmlns=\"http:\/\/www.w3.org\/2000\/svg\"><path d=\"M504 256C504 119 393 8 256 8S8 119 8 256c0 123.78 90.69 226.38 209.25 245V327.69h-63V256h63v-54.64c0-62.15 37-96.48 93.67-96.48 27.14 0 55.52 4.84 55.52 4.84v61h-31.28c-30.8 0-40.41 19.12-40.41 38.73V256h68.78l-11 71.69h-57.78V501C413.31 482.38 504 379.78 504 256z\"><\/path><\/svg>\t\t\t\t\t\t\t<\/span>\n\t\t\t\t\t\t\t\t\t\t\t\t\t\t\t\t\t\t\t\t\t\t<div class=\"elementor-share-btn__text\">\n\t\t\t\t\t\t\t\t\t\t\t\t\t\t\t\t\t\t\t<span class=\"elementor-share-btn__title\">\n\t\t\t\t\t\t\t\t\t\tFacebook\t\t\t\t\t\t\t\t\t<\/span>\n\t\t\t\t\t\t\t\t\t\t\t\t\t\t\t\t\t<\/div>\n\t\t\t\t\t\t\t\t\t\t\t\t\t<\/div>\n\t\t\t\t\t<\/div>\n\t\t\t\t\t\t\t\t\t<div class=\"elementor-grid-item\" role=\"listitem\">\n\t\t\t\t\t\t<div class=\"elementor-share-btn elementor-share-btn_twitter\" role=\"button\" tabindex=\"0\" aria-label=\"Compartir en twitter\">\n\t\t\t\t\t\t\t\t\t\t\t\t\t\t\t<span class=\"elementor-share-btn__icon\">\n\t\t\t\t\t\t\t\t<svg aria-hidden=\"true\" class=\"e-font-icon-svg e-fab-twitter\" viewBox=\"0 0 512 512\" xmlns=\"http:\/\/www.w3.org\/2000\/svg\"><path d=\"M459.37 151.716c.325 4.548.325 9.097.325 13.645 0 138.72-105.583 298.558-298.558 298.558-59.452 0-114.68-17.219-161.137-47.106 8.447.974 16.568 1.299 25.34 1.299 49.055 0 94.213-16.568 130.274-44.832-46.132-.975-84.792-31.188-98.112-72.772 6.498.974 12.995 1.624 19.818 1.624 9.421 0 18.843-1.3 27.614-3.573-48.081-9.747-84.143-51.98-84.143-102.985v-1.299c13.969 7.797 30.214 12.67 47.431 13.319-28.264-18.843-46.781-51.005-46.781-87.391 0-19.492 5.197-37.36 14.294-52.954 51.655 63.675 129.3 105.258 216.365 109.807-1.624-7.797-2.599-15.918-2.599-24.04 0-57.828 46.782-104.934 104.934-104.934 30.213 0 57.502 12.67 76.67 33.137 23.715-4.548 46.456-13.32 66.599-25.34-7.798 24.366-24.366 44.833-46.132 57.827 21.117-2.273 41.584-8.122 60.426-16.243-14.292 20.791-32.161 39.308-52.628 54.253z\"><\/path><\/svg>\t\t\t\t\t\t\t<\/span>\n\t\t\t\t\t\t\t\t\t\t\t\t\t\t\t\t\t\t\t\t\t\t<div class=\"elementor-share-btn__text\">\n\t\t\t\t\t\t\t\t\t\t\t\t\t\t\t\t\t\t\t<span class=\"elementor-share-btn__title\">\n\t\t\t\t\t\t\t\t\t\tTwitter\t\t\t\t\t\t\t\t\t<\/span>\n\t\t\t\t\t\t\t\t\t\t\t\t\t\t\t\t\t<\/div>\n\t\t\t\t\t\t\t\t\t\t\t\t\t<\/div>\n\t\t\t\t\t<\/div>\n\t\t\t\t\t\t\t\t\t<div class=\"elementor-grid-item\" role=\"listitem\">\n\t\t\t\t\t\t<div class=\"elementor-share-btn elementor-share-btn_email\" role=\"button\" tabindex=\"0\" aria-label=\"Compartir en email\">\n\t\t\t\t\t\t\t\t\t\t\t\t\t\t\t<span class=\"elementor-share-btn__icon\">\n\t\t\t\t\t\t\t\t<svg aria-hidden=\"true\" class=\"e-font-icon-svg e-fas-envelope\" viewBox=\"0 0 512 512\" xmlns=\"http:\/\/www.w3.org\/2000\/svg\"><path d=\"M502.3 190.8c3.9-3.1 9.7-.2 9.7 4.7V400c0 26.5-21.5 48-48 48H48c-26.5 0-48-21.5-48-48V195.6c0-5 5.7-7.8 9.7-4.7 22.4 17.4 52.1 39.5 154.1 113.6 21.1 15.4 56.7 47.8 92.2 47.6 35.7.3 72-32.8 92.3-47.6 102-74.1 131.6-96.3 154-113.7zM256 320c23.2.4 56.6-29.2 73.4-41.4 132.7-96.3 142.8-104.7 173.4-128.7 5.8-4.5 9.2-11.5 9.2-18.9v-19c0-26.5-21.5-48-48-48H48C21.5 64 0 85.5 0 112v19c0 7.4 3.4 14.3 9.2 18.9 30.6 23.9 40.7 32.4 173.4 128.7 16.8 12.2 50.2 41.8 73.4 41.4z\"><\/path><\/svg>\t\t\t\t\t\t\t<\/span>\n\t\t\t\t\t\t\t\t\t\t\t\t\t\t\t\t\t\t\t\t\t\t<div class=\"elementor-share-btn__text\">\n\t\t\t\t\t\t\t\t\t\t\t\t\t\t\t\t\t\t\t<span class=\"elementor-share-btn__title\">\n\t\t\t\t\t\t\t\t\t\tEmail\t\t\t\t\t\t\t\t\t<\/span>\n\t\t\t\t\t\t\t\t\t\t\t\t\t\t\t\t\t<\/div>\n\t\t\t\t\t\t\t\t\t\t\t\t\t<\/div>\n\t\t\t\t\t<\/div>\n\t\t\t\t\t\t\t\t\t<div class=\"elementor-grid-item\" role=\"listitem\">\n\t\t\t\t\t\t<div class=\"elementor-share-btn elementor-share-btn_whatsapp\" role=\"button\" tabindex=\"0\" aria-label=\"Compartir en whatsapp\">\n\t\t\t\t\t\t\t\t\t\t\t\t\t\t\t<span class=\"elementor-share-btn__icon\">\n\t\t\t\t\t\t\t\t<svg aria-hidden=\"true\" class=\"e-font-icon-svg e-fab-whatsapp\" viewBox=\"0 0 448 512\" xmlns=\"http:\/\/www.w3.org\/2000\/svg\"><path d=\"M380.9 97.1C339 55.1 283.2 32 223.9 32c-122.4 0-222 99.6-222 222 0 39.1 10.2 77.3 29.6 111L0 480l117.7-30.9c32.4 17.7 68.9 27 106.1 27h.1c122.3 0 224.1-99.6 224.1-222 0-59.3-25.2-115-67.1-157zm-157 341.6c-33.2 0-65.7-8.9-94-25.7l-6.7-4-69.8 18.3L72 359.2l-4.4-7c-18.5-29.4-28.2-63.3-28.2-98.2 0-101.7 82.8-184.5 184.6-184.5 49.3 0 95.6 19.2 130.4 54.1 34.8 34.9 56.2 81.2 56.1 130.5 0 101.8-84.9 184.6-186.6 184.6zm101.2-138.2c-5.5-2.8-32.8-16.2-37.9-18-5.1-1.9-8.8-2.8-12.5 2.8-3.7 5.6-14.3 18-17.6 21.8-3.2 3.7-6.5 4.2-12 1.4-32.6-16.3-54-29.1-75.5-66-5.7-9.8 5.7-9.1 16.3-30.3 1.8-3.7.9-6.9-.5-9.7-1.4-2.8-12.5-30.1-17.1-41.2-4.5-10.8-9.1-9.3-12.5-9.5-3.2-.2-6.9-.2-10.6-.2-3.7 0-9.7 1.4-14.8 6.9-5.1 5.6-19.4 19-19.4 46.3 0 27.3 19.9 53.7 22.6 57.4 2.8 3.7 39.1 59.7 94.8 83.8 35.2 15.2 49 16.5 66.6 13.9 10.7-1.6 32.8-13.4 37.4-26.4 4.6-13 4.6-24.1 3.2-26.4-1.3-2.5-5-3.9-10.5-6.6z\"><\/path><\/svg>\t\t\t\t\t\t\t<\/span>\n\t\t\t\t\t\t\t\t\t\t\t\t\t\t\t\t\t\t\t\t\t\t<div class=\"elementor-share-btn__text\">\n\t\t\t\t\t\t\t\t\t\t\t\t\t\t\t\t\t\t\t<span class=\"elementor-share-btn__title\">\n\t\t\t\t\t\t\t\t\t\tWhatsApp\t\t\t\t\t\t\t\t\t<\/span>\n\t\t\t\t\t\t\t\t\t\t\t\t\t\t\t\t\t<\/div>\n\t\t\t\t\t\t\t\t\t\t\t\t\t<\/div>\n\t\t\t\t\t<\/div>\n\t\t\t\t\t\t<\/div>\n\t\t\t\t\t\t<\/div>\n\t\t\t\t<\/div>\n\t\t\t\t\t<\/div>\n\t\t\t\t<\/div>\n\t\t<div class=\"elementor-element elementor-element-d5bb684 e-flex e-con-boxed e-con e-parent\" data-id=\"d5bb684\" data-element_type=\"container\" data-e-type=\"container\">\n\t\t\t\t\t<div class=\"e-con-inner\">\n\t\t\t\t\t<\/div>\n\t\t\t\t<\/div>\n\t\t\t\t<\/div>\n\t\t","protected":false},"excerpt":{"rendered":"<p>Conversatorio La Corporaci\u00f3n Humanas -Centro Regional de Derechos Humanos y Justicia de G\u00e9nero- adelanta acciones de fortalecimiento a organizaciones de la sociedad civil en el marco del proyecto \u201cAcompa\u00f1amiento a mujeres v\u00edctimas de VBG y fortalecimiento a organizaciones sociales locales\u201d que es parte del Programa Justicia Inclusiva de la USAID.\u00a0 El fortalecimiento reconoce que las [&hellip;]<\/p>\n","protected":false},"author":1,"featured_media":7694,"comment_status":"closed","ping_status":"open","sticky":false,"template":"elementor_header_footer","format":"standard","meta":{"pmpro_default_level":"","footnotes":""},"categories":[246],"tags":[],"class_list":["post-7520","post","type-post","status-publish","format-standard","has-post-thumbnail","hentry","category-novedades-osc","pmpro-has-access"],"_links":{"self":[{"href":"https:\/\/humanas.org.co\/formacionconhumanas\/wp-json\/wp\/v2\/posts\/7520","targetHints":{"allow":["GET"]}}],"collection":[{"href":"https:\/\/humanas.org.co\/formacionconhumanas\/wp-json\/wp\/v2\/posts"}],"about":[{"href":"https:\/\/humanas.org.co\/formacionconhumanas\/wp-json\/wp\/v2\/types\/post"}],"author":[{"embeddable":true,"href":"https:\/\/humanas.org.co\/formacionconhumanas\/wp-json\/wp\/v2\/users\/1"}],"replies":[{"embeddable":true,"href":"https:\/\/humanas.org.co\/formacionconhumanas\/wp-json\/wp\/v2\/comments?post=7520"}],"version-history":[{"count":11,"href":"https:\/\/humanas.org.co\/formacionconhumanas\/wp-json\/wp\/v2\/posts\/7520\/revisions"}],"predecessor-version":[{"id":7706,"href":"https:\/\/humanas.org.co\/formacionconhumanas\/wp-json\/wp\/v2\/posts\/7520\/revisions\/7706"}],"wp:featuredmedia":[{"embeddable":true,"href":"https:\/\/humanas.org.co\/formacionconhumanas\/wp-json\/wp\/v2\/media\/7694"}],"wp:attachment":[{"href":"https:\/\/humanas.org.co\/formacionconhumanas\/wp-json\/wp\/v2\/media?parent=7520"}],"wp:term":[{"taxonomy":"category","embeddable":true,"href":"https:\/\/humanas.org.co\/formacionconhumanas\/wp-json\/wp\/v2\/categories?post=7520"},{"taxonomy":"post_tag","embeddable":true,"href":"https:\/\/humanas.org.co\/formacionconhumanas\/wp-json\/wp\/v2\/tags?post=7520"}],"curies":[{"name":"wp","href":"https:\/\/api.w.org\/{rel}","templated":true}]}}